{"id":704,"date":"2016-01-26T20:04:30","date_gmt":"2016-01-26T20:04:30","guid":{"rendered":"https:\/\/www.ls2group.com\/?p=704"},"modified":"2024-11-15T21:12:39","modified_gmt":"2024-11-15T21:12:39","slug":"iowa-caucus-insider-tips-from-ls2group","status":"publish","type":"post","link":"https:\/\/www.ls2group.com\/de\/2016\/01\/iowa-caucus-insider-tips-from-ls2group\/","title":{"rendered":"Iowa Caucus: Insider-Tipps von LS2group"},"content":{"rendered":"<p>Alle vier Jahre erstrahlt ein Scheinwerferlicht auf den Bundesstaat Iowa. Wir sind vielleicht f\u00fcr Versicherungen bekannt, die <a href=\"http:\/\/www.iowastatefair.org\/fair-attractions\/butter-cow\/\">Butterkuh<\/a>, and an up-and-coming metro, but it\u2019s politics that draw the most national coverage.<\/p>\n<p>Politik ist in Iowa nicht nur in vollem Gange, sie ist auch ein st\u00e4ndiges Gespr\u00e4chsthema im LS2group-B\u00fcro. In einer \u00fcberparteilichen Firma rennen die Leute regelm\u00e4\u00dfig von einer Wahlkampfveranstaltung zur n\u00e4chsten, in der Hoffnung, einen Blick auf einen Pr\u00e4sidentschaftskandidaten zu erhaschen. Es ist erfrischend, in einem Umfeld zu arbeiten, in dem jeder seine politische Meinung \u00e4u\u00dfern darf und jeder die Ansichten des anderen respektiert.<\/p>\n<p>Als jemand, der dieses Jahr zum ersten Mal in der Caucus ist, dachte ich, ich w\u00fcrde meine politisch denkenden Kollegen nach ihren Caucus-Erfahrungen fragen und worauf sie sich am 1. Februar freuen.<\/p>\n<p><strong><em>Maggie Meyer: How many times have you caucused?<\/em><\/strong><\/p>\n<blockquote>\n<p><a href=\"https:\/\/69u.24e.myftpupload.com\/team\/joe-shannahan\/\" target=\"_blank\" rel=\"noopener\"><em>Joe Shannahan<\/em><\/a><em>: <\/em><em>Seit ich berechtigt bin, an den Pr\u00e4sidentschaftswahlen von Iowa teilzunehmen, habe ich acht besucht und zweimal f\u00fcr die Demokratische Partei von Iowa gearbeitet (&#039;88 und &#039;92). Zu den Kandidaten, die ich unterst\u00fctzt habe, geh\u00f6ren Jimmy Carter (&#039;76), Pr\u00e4sident Carter (&#039;80), Alan Cranston (&#039;84), Pr\u00e4sident Clinton (&#039;96), Vizepr\u00e4sident Gore (&#039;00), Howard Dean (&#039;04), Barack Obama (&#039;08) und Pr\u00e4sident Obama (&#039;12).<\/em><\/p>\n<p><em>Susan Severino Fenton<\/em><em>: Junior-Delegierter \u2013 Ronald Reagan (&#039;76), Junior-Delegierter - Ronald Reagan (&#039;80), erster Caucus - Pr\u00e4sident Ronald Reagan (&#039;84), Kongressabgeordneter Jack Kemp (&#039;88), Pr\u00e4sident George H. Bush (&#039;92), Senator Phil Gramm (&#039;96), Steve Forbes (&#039;00), Pr\u00e4sident George W. Bush (&#039;04), B\u00fcrgermeister Rudy Guiliani (&#039;08), Gouverneur Mitt Romney (&#039;12) werden Gouverneur Chris Christie (&#039;16 .) ).<\/em><\/p>\n<\/blockquote>\n<p><strong><em>MM: Was ist Ihre Lieblings-Caucus-Erinnerung?<\/em><\/strong><\/p>\n<blockquote>\n<p><em>JS: W\u00e4hrend meiner Arbeit im Tabulation Center f\u00fcr die Demokratische Partei von Iowa im Jahr 1988 gab es ein paar Bezirke in Johnson County, die es vers\u00e4umten, ihre Ergebnisse in Des Moines, dem Gesetz von Iowa, zu melden, also baten wir das B\u00fcro des Sheriffs, uns zu \u201ehelfen\u201c. die Informationen sammeln.<\/em><\/p>\n<p><em>Michael DuPr\u00e9<\/em><em>: I made homemade brownies to entice people to Dennis Kucinich&#8217;s corner in 2008. Unfortunately, I could not bring them in because it was against the rules of the middle school music room where the caucus was held.<\/em><\/p>\n<\/blockquote>\n<p><strong><em>MM: Haben Sie einen Rat f\u00fcr erstmalige Caucus-Besucher?<\/em><em>\u00a0<\/em><\/strong><\/p>\n<blockquote>\n<p><em>Lorbeer Bruntz<\/em><em>: <\/em><em>Genie\u00dfen Sie es einfach! Auch wenn es leicht zu vergessen ist, ist es ein Privileg, am ersten Nominierungswettbewerb teilnehmen zu d\u00fcrfen und die nationale Politik so zu beeinflussen, wie wir es tun!<\/em><\/p>\n<p><em>Emily Claghorn<\/em><em>: Look up your caucus location beforehand; it is likely not the same as your voting location.<\/em><\/p>\n<p><em>SSF: <\/em><em>Fr\u00fch ankommen. Sie m\u00fcssen bis 19:00 Uhr anstehen, sonst k\u00f6nnen Sie nicht abstimmen. Ihr Caucus beginnt schneller, wenn Sie um 19:00 Uhr sitzen und einsatzbereit sind. Planen Sie zwei bis drei Stunden auf Ihrem Caucus ein.<\/em><\/p>\n<\/blockquote>\n<p><strong><em>MM: Worauf freuen Sie sich als erstmaliger Caucus-Besucher am meisten?<\/em><\/strong><\/p>\n<blockquote>\n<p><em>Christine Schick<\/em><em>: The atmosphere. As a Democrat, I&#8217;m excited to see how loud and crazy the caucus gets. I&#8217;m also really curious to see if anyone switches candidates! I wonder if bribery really works.<\/em><\/p>\n<p><em>Ashley Jagd<\/em><em>: Seeing the results, meeting people who are in my party that live in my precinct, and having an active role in helping out at the caucus as my precinct&#8217;s reporter.<\/em><\/p>\n<\/blockquote>\n<p><strong><em>MM: Warum sind Ihrer Meinung nach die Caucuses f\u00fcr Iowa wichtig?<\/em><\/strong><\/p>\n<blockquote>\n<p><em>CS: <\/em><em>Was f\u00fcr ein riesiger Schub f\u00fcr unseren Staat! Mehr Besucher, mehr Werbung, mehr Geld, das hier ausgegeben wird. Es ist eine fantastische Zeit f\u00fcr einen Staat wie unseren, der normalerweise als \u00dcberflugstaat gilt, um wirklich eine Stimme auf der nationalen B\u00fchne zu haben.<\/em><\/p>\n<p><em>SSF: Die Fraktionen in Iowa haben einige unglaublich nachdenkliche und informierte W\u00e4hler hervorgebracht. Iowaner sind bereit, an hei\u00dfen Sommertagen und kalten Wintern\u00e4chten kilometerlange Reisen zu unternehmen, um die Kandidaten zu h\u00f6ren und ihre Wahl zu treffen. Wir nehmen unseren First-in-the-Nation-Status ernst und das ist gut f\u00fcr Iowa.<\/em><\/p>\n<\/blockquote>\n<p>Dank meiner politisch engagierten Kolleginnen und Kollegen f\u00fchle ich mich nun bereit, am 1. Februar an den Caucuses teilzunehmen! Haben Sie eine Lieblingserinnerung von fr\u00fcheren Caucus oder Ratschl\u00e4ge f\u00fcr erstmalige Caucus-Besucher? Wir w\u00fcrden es gerne h\u00f6ren!<\/p>\n\n\n<p><\/p>","protected":false},"excerpt":{"rendered":"<p>Every four years, a spotlight shines a little brighter on the state of Iowa. We may be known for insurance, the Butter Cow, and an up-and-coming metro, but it\u2019s politics that draw the most national coverage. Not only are politics in full-force in Iowa, they are a constant topic of conversation in the LS2group office&#8230;.  <a class=\"excerpt-read-more\" href=\"https:\/\/www.ls2group.com\/de\/2016\/01\/iowa-caucus-insider-tips-from-ls2group\/\" title=\"Read Iowa Caucus: Insider Tips from LS2group\"><\/a><\/p>","protected":false},"author":1,"featured_media":705,"comment_status":"open","ping_status":"open","sticky":false,"template":"","format":"standard","meta":{"footnotes":""},"categories":[1],"tags":[64,99,121,122,153,208,217,258],"class_list":["post-704","post","type-post","status-publish","format-standard","has-post-thumbnail","hentry","category-uncategorized","tag-democrat","tag-government-affairs","tag-iowa","tag-iowa-caucus","tag-ls2group","tag-public-affairs","tag-republic","tag-voting"],"_links":{"self":[{"href":"https:\/\/www.ls2group.com\/de\/wp-json\/wp\/v2\/posts\/704","targetHints":{"allow":["GET"]}}],"collection":[{"href":"https:\/\/www.ls2group.com\/de\/wp-json\/wp\/v2\/posts"}],"about":[{"href":"https:\/\/www.ls2group.com\/de\/wp-json\/wp\/v2\/types\/post"}],"author":[{"embeddable":true,"href":"https:\/\/www.ls2group.com\/de\/wp-json\/wp\/v2\/users\/1"}],"replies":[{"embeddable":true,"href":"https:\/\/www.ls2group.com\/de\/wp-json\/wp\/v2\/comments?post=704"}],"version-history":[{"count":3,"href":"https:\/\/www.ls2group.com\/de\/wp-json\/wp\/v2\/posts\/704\/revisions"}],"predecessor-version":[{"id":4625,"href":"https:\/\/www.ls2group.com\/de\/wp-json\/wp\/v2\/posts\/704\/revisions\/4625"}],"wp:featuredmedia":[{"embeddable":true,"href":"https:\/\/www.ls2group.com\/de\/wp-json\/wp\/v2\/media\/705"}],"wp:attachment":[{"href":"https:\/\/www.ls2group.com\/de\/wp-json\/wp\/v2\/media?parent=704"}],"wp:term":[{"taxonomy":"category","embeddable":true,"href":"https:\/\/www.ls2group.com\/de\/wp-json\/wp\/v2\/categories?post=704"},{"taxonomy":"post_tag","embeddable":true,"href":"https:\/\/www.ls2group.com\/de\/wp-json\/wp\/v2\/tags?post=704"}],"curies":[{"name":"wp","href":"https:\/\/api.w.org\/{rel}","templated":true}]}}